[{"@context":"https:\/\/schema.org\/","@type":"Article","@id":"https:\/\/www.byrope.cz\/pomoc-s-podnikanim-nemusi-stat-majlant\/#Article","mainEntityOfPage":"https:\/\/www.byrope.cz\/pomoc-s-podnikanim-nemusi-stat-majlant\/","headline":"Pomoc s podnik\u00e1n\u00edm nemus\u00ed st\u00e1t majlant","name":"Pomoc s podnik\u00e1n\u00edm nemus\u00ed st\u00e1t majlant","description":"N\u011bkdy je \u010dlov\u011bk prost\u011b tak n\u011bjak hn\u00e1n k\u00a0tomu, aby n\u011bco za\u010dal kone\u010dn\u011b tvo\u0159it. M\u016f\u017ee to b\u00fdt d\u011btsk\u00fd sen, [&hellip;]","datePublished":"2025-03-02","dateModified":"2023-04-29","author":{"@type":"Person","@id":"https:\/\/www.byrope.cz\/author\/#Person","name":"","url":"https:\/\/www.byrope.cz\/author\/","identifier":1,"image":{"@type":"ImageObject","@id":"https:\/\/secure.gravatar.com\/avatar\/163f6c65c8acab43fa062eaf19866aeb6d6c2adc4d5c2462700a89e6feec77a0?s=96&d=mm&r=g","url":"https:\/\/secure.gravatar.com\/avatar\/163f6c65c8acab43fa062eaf19866aeb6d6c2adc4d5c2462700a89e6feec77a0?s=96&d=mm&r=g","height":96,"width":96}},"publisher":{"@type":"Organization","name":"byrope.cz","logo":{"@type":"ImageObject","@id":"\/logo.png","url":"\/logo.png","width":600,"height":60}},"image":{"@type":"ImageObject","@id":"https:\/\/www.byrope.cz\/wp-content\/uploads\/img_a327407_w2586_t1539683929.jpg","url":"https:\/\/www.byrope.cz\/wp-content\/uploads\/img_a327407_w2586_t1539683929.jpg","height":0,"width":0},"url":"https:\/\/www.byrope.cz\/pomoc-s-podnikanim-nemusi-stat-majlant\/","about":["Podnik\u00e1n\u00ed\r"],"wordCount":447,"articleBody":"N\u011bkdy je \u010dlov\u011bk prost\u011b tak n\u011bjak hn\u00e1n k\u00a0tomu, aby n\u011bco za\u010dal kone\u010dn\u011b tvo\u0159it. M\u016f\u017ee to b\u00fdt d\u011btsk\u00fd sen, m\u016f\u017ee to b\u00fdt jenom dobr\u00fd n\u00e1pad, co n\u00e1s m\u016f\u017ee dohnat k\u00a0tomu, \u017ee bychom se cht\u011bli n\u011bco v\u00edce dozv\u011bd\u011bt o podnik\u00e1n\u00ed a mo\u017en\u00e1 i zalo\u017eit n\u011bjakou tu spole\u010dnost. Za\u010d\u00edt je to nejt\u011b\u017e\u0161\u00ed, co m\u016f\u017ee b\u00fdt, a to je v\u00a0jak\u00e9koliv jin\u00e9 lidsk\u00e9 \u010dinnosti v\u0161ude stejn\u00e9. Za\u010d\u00edn\u00e1 se v\u017edycky zt\u011b\u017eka, pokra\u010duje se i l\u00e9pe a skon\u010dit m\u016f\u017eete ze dne na den, ani se neoto\u010d\u00edte. Lidsk\u00fd \u017eivot je hrozn\u011b kr\u00e1tk\u00fd, a pokud jste nesta\u010dili za t\u011bch n\u011bkolik let vst\u0159ebat tak\u00e9 pr\u00e1vn\u00ed \u00fapravu, kter\u00e1 se t\u00fdk\u00e1 podnik\u00e1n\u00ed a \u017eivnost\u00ed, tak jste pravd\u011bpodobn\u011b asi m\u00edrn\u011b ztraceni kdykoliv, kdy se pod\u00edv\u00e1te do \u017eivnostensk\u00e9ho z\u00e1kona nebo z\u00e1kona o korporac\u00edch.\tBezplatn\u00e1 pomocNen\u00ed v\u0161ak v\u0161em dn\u016fm konec a zvl\u00e1\u0161t\u011b lid\u00e9, kte\u0159\u00ed jsou naprosto ztraceni v\u00a0pr\u00e1vn\u00ed \u00faprav\u011b, se mohou kone\u010dn\u011b dobrat k\u00a0n\u011bjak\u00e9mu v\u00fdsledku. Na Univerzit\u011b Palack\u00e9ho v\u00a0Olomouci toti\u017e za\u010dal p\u016fsobit americk\u00fd profesor pr\u00e1va a zku\u0161en\u00fd korpor\u00e1tn\u00ed pr\u00e1vn\u00edk Michael Schlesinger, kter\u00fd zde otev\u0159el novou kliniku pr\u00e1va a podnik\u00e1n\u00ed. Klinika bude zapojena do u\u017e b\u011b\u017e\u00edc\u00edho projektu Studentsk\u00e9 pr\u00e1vn\u00ed poradny, kter\u00e1 poskytuje zdarma pr\u00e1vn\u00ed radu v\u0161em, kte\u0159\u00ed si najdou ten \u010das a objednaj\u00ed se do poradny a jsou povoln\u00ed sv\u011b\u0159it sv\u00e9 z\u00e1le\u017eitosti student\u016fm, kte\u0159\u00ed mu bezplatn\u011b vyhotov\u00ed pr\u00e1vn\u00ed radu. Profesor Schlesinger chce rozjet svoj\u00ed kliniku po vzoru t\u00e9 v\u00a0Chicagu, kde tamn\u00ed studenti pr\u00e1va pom\u00e1haj\u00ed bezplatn\u011b lidem, kte\u0159\u00ed by si jinak nemohli dovolit advok\u00e1ta na zalo\u017een\u00ed spole\u010dnosti \u010di jsou diskriminov\u00e1ni \u00fa\u0159ady pro svoji barvu k\u016f\u017ee.\tKlinika slou\u017e\u00ed v\u0161emA\u0165 u\u017e m\u00e1te n\u011bjak\u00fd pal\u010div\u00fd probl\u00e9m nebo si chcete jenom zalo\u017eit n\u011bjak\u00e9 \u00fasp\u011b\u0161n\u00e9 podnik\u00e1n\u00ed, je to p\u0159esn\u011b n\u011bco pro v\u00e1s. Klinika pom\u00e1h\u00e1 i minorit\u00e1m, kter\u00e9 se c\u00edt\u00ed b\u00fdt v\u00a0\u010desk\u00e9 spole\u010dnosti pon\u011bkud \u201evynech\u00e1ny\u201c, co se t\u00fd\u010de podnikatelsk\u00e9ho sv\u011bta. Vietnamsk\u00e1 \u010di romsk\u00e1 men\u0161ina je zna\u010dn\u011b stigmatizov\u00e1na \u010deskou spole\u010dnost\u00ed a pr\u00e1v\u011b prof. Schlesinger by cht\u011bl zm\u011bnit to p\u0159esv\u011bd\u010den\u00ed, \u017ee tito lid\u00e9 neum\u00ed podnikat nebo podnikaj\u00ed na \u010derno a \u017ee jinak jim to nep\u016fjde.                                                                                                                                                                                                                                                                                                                                                                                        4\/5 - (9 votes)        "},{"@context":"https:\/\/schema.org\/","@type":"BreadcrumbList","itemListElement":[{"@type":"ListItem","position":1,"name":"Pomoc s podnik\u00e1n\u00edm nemus\u00ed st\u00e1t majlant","item":"https:\/\/www.byrope.cz\/pomoc-s-podnikanim-nemusi-stat-majlant\/#breadcrumbitem"}]}]