[{"@context":"https:\/\/schema.org\/","@type":"Article","@id":"https:\/\/www.byrope.cz\/je-mozne-mit-virtualni-trvale-bydliste\/#Article","mainEntityOfPage":"https:\/\/www.byrope.cz\/je-mozne-mit-virtualni-trvale-bydliste\/","headline":"Je mo\u017en\u00e9 m\u00edt virtu\u00e1ln\u00ed trval\u00e9 bydli\u0161t\u011b?","name":"Je mo\u017en\u00e9 m\u00edt virtu\u00e1ln\u00ed trval\u00e9 bydli\u0161t\u011b?","description":"M\u00edt st\u0159echu nad hlavou pat\u0159\u00ed bezesporu mezi z\u00e1kladn\u00ed pot\u0159eby ka\u017ed\u00e9ho \u010dlov\u011bka. To plat\u00ed zvl\u00e1\u0161t\u011b v na\u0161ich klimatick\u00fdch podm\u00ednk\u00e1ch, [&hellip;]","datePublished":"2023-02-23","dateModified":"2023-04-29","author":{"@type":"Person","@id":"https:\/\/www.byrope.cz\/author\/#Person","name":"","url":"https:\/\/www.byrope.cz\/author\/","identifier":1,"image":{"@type":"ImageObject","@id":"https:\/\/secure.gravatar.com\/avatar\/163f6c65c8acab43fa062eaf19866aeb6d6c2adc4d5c2462700a89e6feec77a0?s=96&d=mm&r=g","url":"https:\/\/secure.gravatar.com\/avatar\/163f6c65c8acab43fa062eaf19866aeb6d6c2adc4d5c2462700a89e6feec77a0?s=96&d=mm&r=g","height":96,"width":96}},"publisher":{"@type":"Organization","name":"byrope.cz","logo":{"@type":"ImageObject","@id":"\/logo.png","url":"\/logo.png","width":600,"height":60}},"image":{"@type":"ImageObject","@id":"https:\/\/www.byrope.cz\/wp-content\/uploads\/byt1_9.jpg","url":"https:\/\/www.byrope.cz\/wp-content\/uploads\/byt1_9.jpg","height":0,"width":0},"url":"https:\/\/www.byrope.cz\/je-mozne-mit-virtualni-trvale-bydliste\/","about":["Web\r"],"wordCount":431,"articleBody":"   M\u00edt st\u0159echu nad hlavou pat\u0159\u00ed bezesporu mezi z\u00e1kladn\u00ed pot\u0159eby ka\u017ed\u00e9ho \u010dlov\u011bka. To plat\u00ed zvl\u00e1\u0161t\u011b v na\u0161ich klimatick\u00fdch podm\u00ednk\u00e1ch, kde v zim\u011b teploty klesaj\u00ed i hluboko pod bod mrazu. Bohu\u017eel, zdaleka ne ka\u017ed\u00fd m\u00e1 to \u0161t\u011bst\u00ed, \u017ee m\u00e1 sv\u016fj domov.To je v\u0161ak v podstat\u011b v rozporu se z\u00e1konem, nebo\u0165 ten po\u017eaduje, aby ka\u017ed\u00fd \u010dlov\u011bk m\u011bl sv\u00e9 trval\u00e9 bydli\u0161t\u011b, kde je mo\u017en\u00e9 jej zastihnout. To je uvedeno i na ob\u010dansk\u00e9m pr\u016fkaze. Toto opat\u0159en\u00ed bylo zavedeno p\u0159edev\u0161\u00edm proto, aby bylo mo\u017en\u00e9 zas\u00edlat \u00fa\u0159edn\u00ed korespondenci, av\u0161ak nelze pochybovat, \u017ee se najdou i jin\u00e1 vyu\u017eit\u00ed.Co maj\u00ed ale d\u011blat ji\u017e zm\u00edn\u011bn\u00ed bezdomovci, \u010di lid\u00e9, kte\u0159\u00ed se v podstat\u011b neust\u00e1le st\u011bhuj\u00ed nebo bydl\u00ed v mobiln\u00edm dom\u011b nebo karavanu a nemaj\u00ed tak st\u00e1lou adresu? Pro n\u011b m\u016f\u017ee b\u00fdt \u0159e\u0161en\u00edm virtu\u00e1ln\u00ed trval\u00e9 bydli\u0161t\u011b. Jedn\u00e1 se v podstat\u011b o jakousi formu pron\u00e1jmu, kdy si od dan\u00e9 firmy v podstat\u011b pronajmeme adresu, na kter\u00e9 v\u0161ak nebydl\u00edme. Slou\u017e\u00ed v podstat\u011b jen k tomu, aby n\u00e1m tam chodila po\u0161ta. Z tohoto d\u016fvodu je tak\u00e9 podstatn\u011b levn\u011bj\u0161\u00ed ne\u017e klasick\u00fd podn\u00e1jem, zejm\u00e9na p\u0159i dne\u0161n\u00edch cen\u00e1ch. Nen\u00ed tedy divu, \u017ee mnoho cestovatel\u016f si vyb\u00edr\u00e1 pr\u00e1v\u011b tuto mo\u017enost. Pro klasick\u00e9 bezdomovce v\u0161ak nen\u00ed p\u0159\u00edli\u0161 vhodn\u00e1. I kdy\u017e je toti\u017e levn\u011bj\u0161\u00ed ne\u017e b\u011b\u017en\u00fd n\u00e1jem, st\u00e1le je mimo finan\u010dn\u00ed mo\u017enosti mnoha z nich.V takov\u00e9m p\u0159\u00edpad\u011b dostanou tito lid\u00e9 automaticky p\u0159id\u011blenou adresu na m\u00edstn\u00edm obecn\u00edm \u00fa\u0159ad\u011b, kam si mus\u00ed pravideln\u011b doch\u00e1zet pro po\u0161tu. To plat\u00ed i v p\u0159\u00edpad\u011b, kdy vyu\u017e\u00edvaj\u00ed nap\u0159\u00edklad mo\u017enost\u00ed ubytovny \u010di jin\u00e9ho soci\u00e1ln\u00edho za\u0159\u00edzen\u00ed. Tyto toti\u017e jsou, nebo by alespo\u0148 m\u011bly b\u00fdt, pouze do\u010dasn\u00fdm \u0159e\u0161en\u00edm, a nelze je tedy uv\u00e1d\u011bt jako trval\u00e9 bydli\u0161t\u011b.Samoz\u0159ejm\u011b to nen\u00ed ani zdaleka ide\u00e1ln\u00ed model, av\u0161ak v sou\u010dasnosti nic lep\u0161\u00edho nem\u00e1me. Jak ji\u017e bylo \u0159e\u010deno, virtu\u00e1ln\u00ed bydli\u0161t\u011b nen\u00ed pro tyto lidi vhodn\u00e9. To je tak\u00e9 d\u016fvod, pro\u010d tato mo\u017enost obecn\u011b nen\u00ed p\u0159\u00edli\u0161 vyu\u017e\u00edv\u00e1na. St\u00e1le tu v\u0161ak je a je dobr\u00e9 o n\u00ed v\u011bd\u011bt. Nikdy toti\u017e nev\u00edme, kdy se n\u00e1m bude hodit.                                                                                                                                                                                                                                                                                                                                                                                          4.4\/5 - (9 votes)        "},{"@context":"https:\/\/schema.org\/","@type":"BreadcrumbList","itemListElement":[{"@type":"ListItem","position":1,"name":"Je mo\u017en\u00e9 m\u00edt virtu\u00e1ln\u00ed trval\u00e9 bydli\u0161t\u011b?","item":"https:\/\/www.byrope.cz\/je-mozne-mit-virtualni-trvale-bydliste\/#breadcrumbitem"}]}]